{"id":3024,"date":"2021-06-22T19:01:32","date_gmt":"2021-06-22T17:01:32","guid":{"rendered":"https:\/\/stadtfest-riesa.de\/ue39-party\/"},"modified":"2025-06-25T12:10:13","modified_gmt":"2025-06-25T10:10:13","slug":"ue39-party","status":"publish","type":"post","link":"https:\/\/stadtfest-riesa.de\/de-ls\/ue39-party\/","title":{"rendered":"\u00dc39 Party"},"content":{"rendered":"\n<div class=\"wp-block-columns is-layout-flex wp-container-core-columns-is-layout-28f84493 wp-block-columns-is-layout-flex\">\n<div class=\"wp-block-column is-layout-flow wp-block-column-is-layout-flow\" style=\"flex-basis:33.33%\">\n<figure class=\"wp-block-image size-large\"><a href=\"https:\/\/stadtfest-riesa.de\/wp-content\/uploads\/2024\/06\/Ue39-Party-Stadtfest@3x.png\"><img fetchpriority=\"high\" decoding=\"async\" width=\"1024\" height=\"576\" src=\"https:\/\/stadtfest-riesa.de\/wp-content\/uploads\/2024\/06\/Ue39-Party-Stadtfest@3x-1024x576.png\" alt=\"\" class=\"wp-image-2197\" srcset=\"https:\/\/stadtfest-riesa.de\/wp-content\/uploads\/2024\/06\/Ue39-Party-Stadtfest@3x-1024x576.png 1024w, https:\/\/stadtfest-riesa.de\/wp-content\/uploads\/2024\/06\/Ue39-Party-Stadtfest@3x-300x169.png 300w, https:\/\/stadtfest-riesa.de\/wp-content\/uploads\/2024\/06\/Ue39-Party-Stadtfest@3x-768x432.png 768w, https:\/\/stadtfest-riesa.de\/wp-content\/uploads\/2024\/06\/Ue39-Party-Stadtfest@3x-1536x864.png 1536w, https:\/\/stadtfest-riesa.de\/wp-content\/uploads\/2024\/06\/Ue39-Party-Stadtfest@3x-2048x1152.png 2048w\" sizes=\"(max-width: 1024px) 100vw, 1024px\" \/><\/a><\/figure>\n<\/div>\n\n\n\n<div class=\"wp-block-column is-layout-flow wp-block-column-is-layout-flow\" style=\"flex-basis:66.66%\">\n<p><strong>Zur Freude aller tanzbegeisterten Besucher des Riesaer Stadtfests 2024 findet wieder die legend\u00e4re \u00dc39 Party &#8211; das Original statt! Feiern Sie mit uns am Freitag, den 5. Juli, und Samstag, den 6. Juli, jeweils ab 20:00 Uhr.<\/strong><\/p>\n\n\n\n<p><strong>Achtung: neue Location Technikum Parkplatz<\/strong><\/p>\n\n\n\n<p>Freuen Sie sich auf DJ Frank Werner aus Hirschstein, der mit den besten Hits und Rhythmen f\u00fcr ausgelassene Stimmung sorgt. Von Cora bis Depeche Mode \u2013 hier kommt jeder Musikliebhaber auf seine Kosten. Die Tanzfl\u00e4che ist \u00fcberdacht und mit einem professionellen Tanzboden ausgelegt, sodass Sie auch bei Regen unbeschwert das Tanzbein schwingen k\u00f6nnen.<\/p>\n\n\n\n<p><strong>Der Eintritt ist frei<\/strong>, also kommen Sie vorbei und genie\u00dfen Sie zwei unvergessliche Abende voller Musik, Tanz und guter Laune bei der \u00dc39 Party &#8211; das Original! F\u00fcr das leibliche Wohl ist ebenfalls gesorgt: Es gibt eine Auswahl an Getr\u00e4nken und Cocktails, die Ihren Abend perfekt abrunden.<\/p>\n<\/div>\n<\/div>\n","protected":false},"excerpt":{"rendered":"<p>Zur Freude aller tanzbegeisterten Besucher des Riesaer Stadtfests 2024 findet wieder die legend\u00e4re \u00dc39 Party &#8211; das Original statt! Feiern Sie mit uns am Freitag, den 5. Juli, und Samstag, den 6. Juli, jeweils ab 20:00 Uhr. Achtung: neue Location Technikum Parkplatz Freuen Sie sich auf DJ Frank Werner aus Hirschstein, der mit den besten [&hellip;]<\/p>\n","protected":false},"author":2,"featured_media":2818,"comment_status":"closed","ping_status":"closed","sticky":false,"template":"","format":"standard","meta":{"inline_featured_image":false,"footnotes":""},"categories":[38],"tags":[],"class_list":["post-3024","post","type-post","status-publish","format-standard","has-post-thumbnail","hentry","category-highlight-de-ls"],"yoast_head":"<!-- This site is optimized with the Yoast SEO plugin v25.3.1 - https:\/\/yoast.com\/wordpress\/plugins\/seo\/ -->\n<title>\u00dc39 Party - Stadtfest RIESA 2026 | Der Countdown l\u00e4uft!<\/title>\n<meta name=\"robots\" content=\"index, follow, max-snippet:-1, max-image-preview:large, max-video-preview:-1\" \/>\n<link rel=\"canonical\" href=\"https:\/\/stadtfest-riesa.de\/de-ls\/ue39-party\/\" \/>\n<meta property=\"og:locale\" content=\"de_DE\" \/>\n<meta property=\"og:type\" content=\"article\" \/>\n<meta property=\"og:title\" content=\"\u00dc39 Party - Stadtfest RIESA 2026 | Der Countdown l\u00e4uft!\" \/>\n<meta property=\"og:description\" content=\"Zur Freude aller tanzbegeisterten Besucher des Riesaer Stadtfests 2024 findet wieder die legend\u00e4re \u00dc39 Party &#8211; das Original statt! Feiern Sie mit uns am Freitag, den 5. Juli, und Samstag, den 6. Juli, jeweils ab 20:00 Uhr. Achtung: neue Location Technikum Parkplatz Freuen Sie sich auf DJ Frank Werner aus Hirschstein, der mit den besten [&hellip;]\" \/>\n<meta property=\"og:url\" content=\"https:\/\/stadtfest-riesa.de\/de-ls\/ue39-party\/\" \/>\n<meta property=\"og:site_name\" content=\"Stadtfest RIESA 2026 | Der Countdown l\u00e4uft!\" \/>\n<meta property=\"article:published_time\" content=\"2021-06-22T17:01:32+00:00\" \/>\n<meta property=\"article:modified_time\" content=\"2025-06-25T10:10:13+00:00\" \/>\n<meta property=\"og:image\" content=\"https:\/\/stadtfest-riesa.de\/wp-content\/uploads\/2024\/06\/Ue39-Party-Stadtfest@3x-1024x576.png\" \/>\n\t<meta property=\"og:image:width\" content=\"1024\" \/>\n\t<meta property=\"og:image:height\" content=\"576\" \/>\n\t<meta property=\"og:image:type\" content=\"image\/png\" \/>\n<meta name=\"author\" content=\"Nico H\u00fclsmann\" \/>\n<meta name=\"twitter:card\" content=\"summary_large_image\" \/>\n<meta name=\"twitter:label1\" content=\"Written by\" \/>\n\t<meta name=\"twitter:data1\" content=\"Nico H\u00fclsmann\" \/>\n\t<meta name=\"twitter:label2\" content=\"Est. reading time\" \/>\n\t<meta name=\"twitter:data2\" content=\"1 minute\" \/>\n<script type=\"application\/ld+json\" class=\"yoast-schema-graph\">{\"@context\":\"https:\/\/schema.org\",\"@graph\":[{\"@type\":\"Article\",\"@id\":\"https:\/\/stadtfest-riesa.de\/de-ls\/ue39-party\/#article\",\"isPartOf\":{\"@id\":\"https:\/\/stadtfest-riesa.de\/de-ls\/ue39-party\/\"},\"author\":{\"name\":\"Nico H\u00fclsmann\",\"@id\":\"https:\/\/stadtfest-riesa.de\/#\/schema\/person\/f9b64e03bc450061a213911b2ed66763\"},\"headline\":\"\u00dc39 Party\",\"datePublished\":\"2021-06-22T17:01:32+00:00\",\"dateModified\":\"2025-06-25T10:10:13+00:00\",\"mainEntityOfPage\":{\"@id\":\"https:\/\/stadtfest-riesa.de\/de-ls\/ue39-party\/\"},\"wordCount\":143,\"publisher\":{\"@id\":\"https:\/\/stadtfest-riesa.de\/#organization\"},\"image\":{\"@id\":\"https:\/\/stadtfest-riesa.de\/de-ls\/ue39-party\/#primaryimage\"},\"thumbnailUrl\":\"https:\/\/stadtfest-riesa.de\/wp-content\/uploads\/2022\/09\/MK1_8325-scaled.jpg\",\"articleSection\":[\"Highlight\"],\"inLanguage\":\"de-LS\"},{\"@type\":\"WebPage\",\"@id\":\"https:\/\/stadtfest-riesa.de\/de-ls\/ue39-party\/\",\"url\":\"https:\/\/stadtfest-riesa.de\/de-ls\/ue39-party\/\",\"name\":\"\u00dc39 Party - Stadtfest RIESA 2026 | Der Countdown l\u00e4uft!\",\"isPartOf\":{\"@id\":\"https:\/\/stadtfest-riesa.de\/#website\"},\"primaryImageOfPage\":{\"@id\":\"https:\/\/stadtfest-riesa.de\/de-ls\/ue39-party\/#primaryimage\"},\"image\":{\"@id\":\"https:\/\/stadtfest-riesa.de\/de-ls\/ue39-party\/#primaryimage\"},\"thumbnailUrl\":\"https:\/\/stadtfest-riesa.de\/wp-content\/uploads\/2022\/09\/MK1_8325-scaled.jpg\",\"datePublished\":\"2021-06-22T17:01:32+00:00\",\"dateModified\":\"2025-06-25T10:10:13+00:00\",\"breadcrumb\":{\"@id\":\"https:\/\/stadtfest-riesa.de\/de-ls\/ue39-party\/#breadcrumb\"},\"inLanguage\":\"de-LS\",\"potentialAction\":[{\"@type\":\"ReadAction\",\"target\":[\"https:\/\/stadtfest-riesa.de\/de-ls\/ue39-party\/\"]}]},{\"@type\":\"ImageObject\",\"inLanguage\":\"de-LS\",\"@id\":\"https:\/\/stadtfest-riesa.de\/de-ls\/ue39-party\/#primaryimage\",\"url\":\"https:\/\/stadtfest-riesa.de\/wp-content\/uploads\/2022\/09\/MK1_8325-scaled.jpg\",\"contentUrl\":\"https:\/\/stadtfest-riesa.de\/wp-content\/uploads\/2022\/09\/MK1_8325-scaled.jpg\",\"width\":2560,\"height\":1709},{\"@type\":\"BreadcrumbList\",\"@id\":\"https:\/\/stadtfest-riesa.de\/de-ls\/ue39-party\/#breadcrumb\",\"itemListElement\":[{\"@type\":\"ListItem\",\"position\":1,\"name\":\"Startseite\",\"item\":\"https:\/\/stadtfest-riesa.de\/\"},{\"@type\":\"ListItem\",\"position\":2,\"name\":\"\u00dc39 Party\"}]},{\"@type\":\"WebSite\",\"@id\":\"https:\/\/stadtfest-riesa.de\/#website\",\"url\":\"https:\/\/stadtfest-riesa.de\/\",\"name\":\"Stadtfest RIESA 2026 | Der Countdown l\u00e4uft!\",\"description\":\"03.- 05.07.2026 | vielf\u00e4ltiges Rahmen- und B\u00fchnenprogramm | Rummel | H\u00e4ndler- und Genussmeile | gro\u00dfe Laser- und Pyroshow | H\u00fcpfburgenland | VOLLTREFFER Erlebniswelt\",\"publisher\":{\"@id\":\"https:\/\/stadtfest-riesa.de\/#organization\"},\"potentialAction\":[{\"@type\":\"SearchAction\",\"target\":{\"@type\":\"EntryPoint\",\"urlTemplate\":\"https:\/\/stadtfest-riesa.de\/?s={search_term_string}\"},\"query-input\":{\"@type\":\"PropertyValueSpecification\",\"valueRequired\":true,\"valueName\":\"search_term_string\"}}],\"inLanguage\":\"de-LS\"},{\"@type\":\"Organization\",\"@id\":\"https:\/\/stadtfest-riesa.de\/#organization\",\"name\":\"FVG Riesa mbH\",\"url\":\"https:\/\/stadtfest-riesa.de\/\",\"logo\":{\"@type\":\"ImageObject\",\"inLanguage\":\"de-LS\",\"@id\":\"https:\/\/stadtfest-riesa.de\/#\/schema\/logo\/image\/\",\"url\":\"https:\/\/stadtfest-riesa.de\/wp-content\/uploads\/2022\/01\/FVG_logo_claim_4c.png\",\"contentUrl\":\"https:\/\/stadtfest-riesa.de\/wp-content\/uploads\/2022\/01\/FVG_logo_claim_4c.png\",\"width\":750,\"height\":265,\"caption\":\"FVG Riesa mbH\"},\"image\":{\"@id\":\"https:\/\/stadtfest-riesa.de\/#\/schema\/logo\/image\/\"}},{\"@type\":\"Person\",\"@id\":\"https:\/\/stadtfest-riesa.de\/#\/schema\/person\/f9b64e03bc450061a213911b2ed66763\",\"name\":\"Nico H\u00fclsmann\",\"image\":{\"@type\":\"ImageObject\",\"inLanguage\":\"de-LS\",\"@id\":\"https:\/\/stadtfest-riesa.de\/#\/schema\/person\/image\/\",\"url\":\"https:\/\/secure.gravatar.com\/avatar\/3719487cdbe4dc33205685963a444d14eae7f808d79cb4b8c2bed0e5c793ea76?s=96&d=mm&r=g\",\"contentUrl\":\"https:\/\/secure.gravatar.com\/avatar\/3719487cdbe4dc33205685963a444d14eae7f808d79cb4b8c2bed0e5c793ea76?s=96&d=mm&r=g\",\"caption\":\"Nico H\u00fclsmann\"},\"url\":\"https:\/\/stadtfest-riesa.de\/de-ls\/author\/fvg-verwaltung\/\"}]}<\/script>\n<!-- \/ Yoast SEO plugin. -->","yoast_head_json":{"title":"\u00dc39 Party - Stadtfest RIESA 2026 | Der Countdown l\u00e4uft!","robots":{"index":"index","follow":"follow","max-snippet":"max-snippet:-1","max-image-preview":"max-image-preview:large","max-video-preview":"max-video-preview:-1"},"canonical":"https:\/\/stadtfest-riesa.de\/de-ls\/ue39-party\/","og_locale":"de_DE","og_type":"article","og_title":"\u00dc39 Party - Stadtfest RIESA 2026 | Der Countdown l\u00e4uft!","og_description":"Zur Freude aller tanzbegeisterten Besucher des Riesaer Stadtfests 2024 findet wieder die legend\u00e4re \u00dc39 Party &#8211; das Original statt! Feiern Sie mit uns am Freitag, den 5. Juli, und Samstag, den 6. Juli, jeweils ab 20:00 Uhr. Achtung: neue Location Technikum Parkplatz Freuen Sie sich auf DJ Frank Werner aus Hirschstein, der mit den besten [&hellip;]","og_url":"https:\/\/stadtfest-riesa.de\/de-ls\/ue39-party\/","og_site_name":"Stadtfest RIESA 2026 | Der Countdown l\u00e4uft!","article_published_time":"2021-06-22T17:01:32+00:00","article_modified_time":"2025-06-25T10:10:13+00:00","og_image":[{"width":1024,"height":576,"url":"https:\/\/stadtfest-riesa.de\/wp-content\/uploads\/2024\/06\/Ue39-Party-Stadtfest@3x-1024x576.png","type":"image\/png"}],"author":"Nico H\u00fclsmann","twitter_card":"summary_large_image","twitter_misc":{"Written by":"Nico H\u00fclsmann","Est. reading time":"1 minute"},"schema":{"@context":"https:\/\/schema.org","@graph":[{"@type":"Article","@id":"https:\/\/stadtfest-riesa.de\/de-ls\/ue39-party\/#article","isPartOf":{"@id":"https:\/\/stadtfest-riesa.de\/de-ls\/ue39-party\/"},"author":{"name":"Nico H\u00fclsmann","@id":"https:\/\/stadtfest-riesa.de\/#\/schema\/person\/f9b64e03bc450061a213911b2ed66763"},"headline":"\u00dc39 Party","datePublished":"2021-06-22T17:01:32+00:00","dateModified":"2025-06-25T10:10:13+00:00","mainEntityOfPage":{"@id":"https:\/\/stadtfest-riesa.de\/de-ls\/ue39-party\/"},"wordCount":143,"publisher":{"@id":"https:\/\/stadtfest-riesa.de\/#organization"},"image":{"@id":"https:\/\/stadtfest-riesa.de\/de-ls\/ue39-party\/#primaryimage"},"thumbnailUrl":"https:\/\/stadtfest-riesa.de\/wp-content\/uploads\/2022\/09\/MK1_8325-scaled.jpg","articleSection":["Highlight"],"inLanguage":"de-LS"},{"@type":"WebPage","@id":"https:\/\/stadtfest-riesa.de\/de-ls\/ue39-party\/","url":"https:\/\/stadtfest-riesa.de\/de-ls\/ue39-party\/","name":"\u00dc39 Party - Stadtfest RIESA 2026 | Der Countdown l\u00e4uft!","isPartOf":{"@id":"https:\/\/stadtfest-riesa.de\/#website"},"primaryImageOfPage":{"@id":"https:\/\/stadtfest-riesa.de\/de-ls\/ue39-party\/#primaryimage"},"image":{"@id":"https:\/\/stadtfest-riesa.de\/de-ls\/ue39-party\/#primaryimage"},"thumbnailUrl":"https:\/\/stadtfest-riesa.de\/wp-content\/uploads\/2022\/09\/MK1_8325-scaled.jpg","datePublished":"2021-06-22T17:01:32+00:00","dateModified":"2025-06-25T10:10:13+00:00","breadcrumb":{"@id":"https:\/\/stadtfest-riesa.de\/de-ls\/ue39-party\/#breadcrumb"},"inLanguage":"de-LS","potentialAction":[{"@type":"ReadAction","target":["https:\/\/stadtfest-riesa.de\/de-ls\/ue39-party\/"]}]},{"@type":"ImageObject","inLanguage":"de-LS","@id":"https:\/\/stadtfest-riesa.de\/de-ls\/ue39-party\/#primaryimage","url":"https:\/\/stadtfest-riesa.de\/wp-content\/uploads\/2022\/09\/MK1_8325-scaled.jpg","contentUrl":"https:\/\/stadtfest-riesa.de\/wp-content\/uploads\/2022\/09\/MK1_8325-scaled.jpg","width":2560,"height":1709},{"@type":"BreadcrumbList","@id":"https:\/\/stadtfest-riesa.de\/de-ls\/ue39-party\/#breadcrumb","itemListElement":[{"@type":"ListItem","position":1,"name":"Startseite","item":"https:\/\/stadtfest-riesa.de\/"},{"@type":"ListItem","position":2,"name":"\u00dc39 Party"}]},{"@type":"WebSite","@id":"https:\/\/stadtfest-riesa.de\/#website","url":"https:\/\/stadtfest-riesa.de\/","name":"Stadtfest RIESA 2026 | Der Countdown l\u00e4uft!","description":"03.- 05.07.2026 | vielf\u00e4ltiges Rahmen- und B\u00fchnenprogramm | Rummel | H\u00e4ndler- und Genussmeile | gro\u00dfe Laser- und Pyroshow | H\u00fcpfburgenland | VOLLTREFFER Erlebniswelt","publisher":{"@id":"https:\/\/stadtfest-riesa.de\/#organization"},"potentialAction":[{"@type":"SearchAction","target":{"@type":"EntryPoint","urlTemplate":"https:\/\/stadtfest-riesa.de\/?s={search_term_string}"},"query-input":{"@type":"PropertyValueSpecification","valueRequired":true,"valueName":"search_term_string"}}],"inLanguage":"de-LS"},{"@type":"Organization","@id":"https:\/\/stadtfest-riesa.de\/#organization","name":"FVG Riesa mbH","url":"https:\/\/stadtfest-riesa.de\/","logo":{"@type":"ImageObject","inLanguage":"de-LS","@id":"https:\/\/stadtfest-riesa.de\/#\/schema\/logo\/image\/","url":"https:\/\/stadtfest-riesa.de\/wp-content\/uploads\/2022\/01\/FVG_logo_claim_4c.png","contentUrl":"https:\/\/stadtfest-riesa.de\/wp-content\/uploads\/2022\/01\/FVG_logo_claim_4c.png","width":750,"height":265,"caption":"FVG Riesa mbH"},"image":{"@id":"https:\/\/stadtfest-riesa.de\/#\/schema\/logo\/image\/"}},{"@type":"Person","@id":"https:\/\/stadtfest-riesa.de\/#\/schema\/person\/f9b64e03bc450061a213911b2ed66763","name":"Nico H\u00fclsmann","image":{"@type":"ImageObject","inLanguage":"de-LS","@id":"https:\/\/stadtfest-riesa.de\/#\/schema\/person\/image\/","url":"https:\/\/secure.gravatar.com\/avatar\/3719487cdbe4dc33205685963a444d14eae7f808d79cb4b8c2bed0e5c793ea76?s=96&d=mm&r=g","contentUrl":"https:\/\/secure.gravatar.com\/avatar\/3719487cdbe4dc33205685963a444d14eae7f808d79cb4b8c2bed0e5c793ea76?s=96&d=mm&r=g","caption":"Nico H\u00fclsmann"},"url":"https:\/\/stadtfest-riesa.de\/de-ls\/author\/fvg-verwaltung\/"}]}},"_links":{"self":[{"href":"https:\/\/stadtfest-riesa.de\/de-ls\/wp-json\/wp\/v2\/posts\/3024","targetHints":{"allow":["GET"]}}],"collection":[{"href":"https:\/\/stadtfest-riesa.de\/de-ls\/wp-json\/wp\/v2\/posts"}],"about":[{"href":"https:\/\/stadtfest-riesa.de\/de-ls\/wp-json\/wp\/v2\/types\/post"}],"author":[{"embeddable":true,"href":"https:\/\/stadtfest-riesa.de\/de-ls\/wp-json\/wp\/v2\/users\/2"}],"replies":[{"embeddable":true,"href":"https:\/\/stadtfest-riesa.de\/de-ls\/wp-json\/wp\/v2\/comments?post=3024"}],"version-history":[{"count":3,"href":"https:\/\/stadtfest-riesa.de\/de-ls\/wp-json\/wp\/v2\/posts\/3024\/revisions"}],"predecessor-version":[{"id":3027,"href":"https:\/\/stadtfest-riesa.de\/de-ls\/wp-json\/wp\/v2\/posts\/3024\/revisions\/3027"}],"wp:featuredmedia":[{"embeddable":true,"href":"https:\/\/stadtfest-riesa.de\/de-ls\/wp-json\/wp\/v2\/media\/2818"}],"wp:attachment":[{"href":"https:\/\/stadtfest-riesa.de\/de-ls\/wp-json\/wp\/v2\/media?parent=3024"}],"wp:term":[{"taxonomy":"category","embeddable":true,"href":"https:\/\/stadtfest-riesa.de\/de-ls\/wp-json\/wp\/v2\/categories?post=3024"},{"taxonomy":"post_tag","embeddable":true,"href":"https:\/\/stadtfest-riesa.de\/de-ls\/wp-json\/wp\/v2\/tags?post=3024"}],"curies":[{"name":"wp","href":"https:\/\/api.w.org\/{rel}","templated":true}]}}