{"id":3036,"date":"2021-05-30T15:41:27","date_gmt":"2021-05-30T13:41:27","guid":{"rendered":"https:\/\/stadtfest-riesa.de\/innenhof-margenberg\/"},"modified":"2025-06-23T12:41:05","modified_gmt":"2025-06-23T10:41:05","slug":"innenhof-margenberg","status":"publish","type":"post","link":"https:\/\/stadtfest-riesa.de\/de-ls\/innenhof-margenberg\/","title":{"rendered":"Innenhof Margenberg"},"content":{"rendered":"\n<div class=\"wp-block-columns is-layout-flex wp-container-core-columns-is-layout-28f84493 wp-block-columns-is-layout-flex\">\n<div class=\"wp-block-column is-layout-flow wp-block-column-is-layout-flow\" style=\"flex-basis:33.33%\">\n<figure class=\"wp-block-image size-large\"><a href=\"https:\/\/stadtfest-riesa.de\/wp-content\/uploads\/2022\/09\/MK77164-scaled.jpg\"><img fetchpriority=\"high\" decoding=\"async\" width=\"1024\" height=\"684\" src=\"https:\/\/stadtfest-riesa.de\/wp-content\/uploads\/2022\/09\/MK77164-1024x684.jpg\" alt=\"\" class=\"wp-image-1597\" srcset=\"https:\/\/stadtfest-riesa.de\/wp-content\/uploads\/2022\/09\/MK77164-1024x684.jpg 1024w, https:\/\/stadtfest-riesa.de\/wp-content\/uploads\/2022\/09\/MK77164-300x200.jpg 300w, https:\/\/stadtfest-riesa.de\/wp-content\/uploads\/2022\/09\/MK77164-768x513.jpg 768w, https:\/\/stadtfest-riesa.de\/wp-content\/uploads\/2022\/09\/MK77164-1536x1025.jpg 1536w, https:\/\/stadtfest-riesa.de\/wp-content\/uploads\/2022\/09\/MK77164-2048x1367.jpg 2048w\" sizes=\"(max-width: 1024px) 100vw, 1024px\" \/><\/a><\/figure>\n<\/div>\n\n\n\n<div class=\"wp-block-column is-layout-flow wp-block-column-is-layout-flow\" style=\"flex-basis:66.66%\">\n<p><strong>Der Innenhof Margenberg l\u00e4dt beim Stadtfest Riesa 2024 zu einem abwechslungsreichen Programm f\u00fcr die ganze Familie ein.<\/strong><\/p>\n\n\n\n<p><strong>Freitag, 5. Juli 2024:<\/strong><\/p>\n\n\n\n<ul class=\"wp-block-list\">\n<li><strong>Ab<\/strong> <strong>15:00 Uhr<\/strong>: Er\u00f6ffnung des Tanz-Areals mit DJ Uwe. Starten Sie ins Wochenende mit mitrei\u00dfenden Beats und guter Laune!<\/li>\n<\/ul>\n\n\n\n<p><\/p>\n\n\n\n<p><strong>Samstag, 6. Juli 2024:<\/strong><\/p>\n\n\n\n<ul class=\"wp-block-list\">\n<li><strong>Ab 14:00 Uhr<\/strong>: Schlagernachmittag. Genie\u00dfen Sie die gr\u00f6\u00dften Hits und sch\u00f6nsten Melodien der Schlagermusik.<\/li>\n\n\n\n<li><strong>Ab 18:00 Uhr<\/strong>: Hofparty f\u00fcr Jung und Alt mit DJ Uwe. Feiern Sie mit uns eine unvergessliche Sommernacht voller Musik und Tanz.<\/li>\n<\/ul>\n\n\n\n<p><\/p>\n\n\n\n<p><strong>Sonntag, 7. Juli 2024:<\/strong><\/p>\n\n\n\n<ul class=\"wp-block-list\">\n<li><strong>Ab 11:00 Uhr<\/strong>: Musikalischer Fr\u00fchschoppen. Lassen Sie das Wochenende entspannt ausklingen und genie\u00dfen Sie musikalische Unterhaltung.<\/li>\n\n\n\n<li><strong>Ab 13:00 Uhr<\/strong>: Kaffee und Kuchen, begleitet von sanfter Caf\u00e9-Musik. Verbringen Sie einen gem\u00fctlichen Nachmittag in geselliger Atmosph\u00e4re.<\/li>\n<\/ul>\n\n\n\n<p><\/p>\n\n\n\n<p>Freuen Sie sich auf drei Tage voller Musik, Tanz und guter Stimmung im Innenhof Margenberg!<\/p>\n<\/div>\n<\/div>\n\n<p><\/p>\n\n<figure class=\"wp-block-gallery has-nested-images columns-4 is-cropped wp-block-gallery-1 is-layout-flex wp-block-gallery-is-layout-flex\">\n<figure class=\"wp-block-image size-large\"><a href=\"https:\/\/stadtfest-riesa.de\/wp-content\/uploads\/2023\/05\/MK77173-scaled.jpg\"><img decoding=\"async\" width=\"1024\" height=\"684\" data-id=\"1820\" src=\"https:\/\/stadtfest-riesa.de\/wp-content\/uploads\/2023\/05\/MK77173-1024x684.jpg\" alt=\"\" class=\"wp-image-1820\" srcset=\"https:\/\/stadtfest-riesa.de\/wp-content\/uploads\/2023\/05\/MK77173-1024x684.jpg 1024w, https:\/\/stadtfest-riesa.de\/wp-content\/uploads\/2023\/05\/MK77173-300x200.jpg 300w, https:\/\/stadtfest-riesa.de\/wp-content\/uploads\/2023\/05\/MK77173-768x513.jpg 768w, https:\/\/stadtfest-riesa.de\/wp-content\/uploads\/2023\/05\/MK77173-1536x1025.jpg 1536w, https:\/\/stadtfest-riesa.de\/wp-content\/uploads\/2023\/05\/MK77173-2048x1367.jpg 2048w\" sizes=\"(max-width: 1024px) 100vw, 1024px\" \/><\/a><\/figure>\n\n\n\n<figure class=\"wp-block-image size-large\"><a href=\"https:\/\/stadtfest-riesa.de\/wp-content\/uploads\/2023\/05\/MK77167-scaled.jpg\"><img decoding=\"async\" width=\"1024\" height=\"684\" data-id=\"1819\" src=\"https:\/\/stadtfest-riesa.de\/wp-content\/uploads\/2023\/05\/MK77167-1024x684.jpg\" alt=\"\" class=\"wp-image-1819\" srcset=\"https:\/\/stadtfest-riesa.de\/wp-content\/uploads\/2023\/05\/MK77167-1024x684.jpg 1024w, https:\/\/stadtfest-riesa.de\/wp-content\/uploads\/2023\/05\/MK77167-300x200.jpg 300w, https:\/\/stadtfest-riesa.de\/wp-content\/uploads\/2023\/05\/MK77167-768x513.jpg 768w, https:\/\/stadtfest-riesa.de\/wp-content\/uploads\/2023\/05\/MK77167-1536x1025.jpg 1536w, https:\/\/stadtfest-riesa.de\/wp-content\/uploads\/2023\/05\/MK77167-2048x1367.jpg 2048w\" sizes=\"(max-width: 1024px) 100vw, 1024px\" \/><\/a><\/figure>\n\n\n\n<figure class=\"wp-block-image size-large\"><a href=\"https:\/\/stadtfest-riesa.de\/wp-content\/uploads\/2022\/06\/04_Innenhof-Margenberg.jpg\"><img loading=\"lazy\" decoding=\"async\" width=\"1024\" height=\"682\" data-id=\"1432\" src=\"https:\/\/stadtfest-riesa.de\/wp-content\/uploads\/2022\/06\/04_Innenhof-Margenberg-1024x682.jpg\" alt=\"\" class=\"wp-image-1432\" srcset=\"https:\/\/stadtfest-riesa.de\/wp-content\/uploads\/2022\/06\/04_Innenhof-Margenberg-1024x682.jpg 1024w, https:\/\/stadtfest-riesa.de\/wp-content\/uploads\/2022\/06\/04_Innenhof-Margenberg-300x200.jpg 300w, https:\/\/stadtfest-riesa.de\/wp-content\/uploads\/2022\/06\/04_Innenhof-Margenberg-768x512.jpg 768w, https:\/\/stadtfest-riesa.de\/wp-content\/uploads\/2022\/06\/04_Innenhof-Margenberg-1536x1024.jpg 1536w, https:\/\/stadtfest-riesa.de\/wp-content\/uploads\/2022\/06\/04_Innenhof-Margenberg.jpg 1652w\" sizes=\"(max-width: 1024px) 100vw, 1024px\" \/><\/a><\/figure>\n\n\n\n<figure class=\"wp-block-image size-large\"><a href=\"https:\/\/stadtfest-riesa.de\/wp-content\/uploads\/2022\/06\/10_Margenberg-scaled.jpg\"><img loading=\"lazy\" decoding=\"async\" width=\"1024\" height=\"768\" data-id=\"1438\" src=\"https:\/\/stadtfest-riesa.de\/wp-content\/uploads\/2022\/06\/10_Margenberg-1024x768.jpg\" alt=\"\" class=\"wp-image-1438\" srcset=\"https:\/\/stadtfest-riesa.de\/wp-content\/uploads\/2022\/06\/10_Margenberg-1024x768.jpg 1024w, https:\/\/stadtfest-riesa.de\/wp-content\/uploads\/2022\/06\/10_Margenberg-300x225.jpg 300w, https:\/\/stadtfest-riesa.de\/wp-content\/uploads\/2022\/06\/10_Margenberg-768x576.jpg 768w, https:\/\/stadtfest-riesa.de\/wp-content\/uploads\/2022\/06\/10_Margenberg-1536x1152.jpg 1536w, https:\/\/stadtfest-riesa.de\/wp-content\/uploads\/2022\/06\/10_Margenberg-2048x1536.jpg 2048w\" sizes=\"(max-width: 1024px) 100vw, 1024px\" \/><\/a><\/figure>\n<\/figure>\n","protected":false},"excerpt":{"rendered":"<p>Der Innenhof Margenberg l\u00e4dt beim Stadtfest Riesa 2024 zu einem abwechslungsreichen Programm f\u00fcr die ganze Familie ein. Freitag, 5. Juli 2024: Samstag, 6. Juli 2024: Sonntag, 7. Juli 2024: Freuen Sie sich auf drei Tage voller Musik, Tanz und guter Stimmung im Innenhof Margenberg!<\/p>\n","protected":false},"author":2,"featured_media":2826,"comment_status":"closed","ping_status":"closed","sticky":false,"template":"","format":"standard","meta":{"inline_featured_image":false,"footnotes":""},"categories":[38],"tags":[],"class_list":["post-3036","post","type-post","status-publish","format-standard","has-post-thumbnail","hentry","category-highlight-de-ls"],"yoast_head":"<!-- This site is optimized with the Yoast SEO plugin v25.3.1 - https:\/\/yoast.com\/wordpress\/plugins\/seo\/ -->\n<title>Innenhof Margenberg - Stadtfest RIESA 2026 | Der Countdown l\u00e4uft!<\/title>\n<meta name=\"robots\" content=\"index, follow, max-snippet:-1, max-image-preview:large, max-video-preview:-1\" \/>\n<link rel=\"canonical\" href=\"https:\/\/stadtfest-riesa.de\/de-ls\/innenhof-margenberg\/\" \/>\n<meta property=\"og:locale\" content=\"de_DE\" \/>\n<meta property=\"og:type\" content=\"article\" \/>\n<meta property=\"og:title\" content=\"Innenhof Margenberg - Stadtfest RIESA 2026 | Der Countdown l\u00e4uft!\" \/>\n<meta property=\"og:description\" content=\"Der Innenhof Margenberg l\u00e4dt beim Stadtfest Riesa 2024 zu einem abwechslungsreichen Programm f\u00fcr die ganze Familie ein. Freitag, 5. Juli 2024: Samstag, 6. Juli 2024: Sonntag, 7. Juli 2024: Freuen Sie sich auf drei Tage voller Musik, Tanz und guter Stimmung im Innenhof Margenberg!\" \/>\n<meta property=\"og:url\" content=\"https:\/\/stadtfest-riesa.de\/de-ls\/innenhof-margenberg\/\" \/>\n<meta property=\"og:site_name\" content=\"Stadtfest RIESA 2026 | Der Countdown l\u00e4uft!\" \/>\n<meta property=\"article:published_time\" content=\"2021-05-30T13:41:27+00:00\" \/>\n<meta property=\"article:modified_time\" content=\"2025-06-23T10:41:05+00:00\" \/>\n<meta property=\"og:image\" content=\"https:\/\/stadtfest-riesa.de\/wp-content\/uploads\/2023\/05\/MK77164-Kopie-Kopie-scaled.jpg\" \/>\n\t<meta property=\"og:image:width\" content=\"2560\" \/>\n\t<meta property=\"og:image:height\" content=\"1709\" \/>\n\t<meta property=\"og:image:type\" content=\"image\/jpeg\" \/>\n<meta name=\"author\" content=\"Nico H\u00fclsmann\" \/>\n<meta name=\"twitter:card\" content=\"summary_large_image\" \/>\n<meta name=\"twitter:label1\" content=\"Written by\" \/>\n\t<meta name=\"twitter:data1\" content=\"Nico H\u00fclsmann\" \/>\n\t<meta name=\"twitter:label2\" content=\"Est. reading time\" \/>\n\t<meta name=\"twitter:data2\" content=\"1 minute\" \/>\n<script type=\"application\/ld+json\" class=\"yoast-schema-graph\">{\"@context\":\"https:\/\/schema.org\",\"@graph\":[{\"@type\":\"Article\",\"@id\":\"https:\/\/stadtfest-riesa.de\/de-ls\/innenhof-margenberg\/#article\",\"isPartOf\":{\"@id\":\"https:\/\/stadtfest-riesa.de\/de-ls\/innenhof-margenberg\/\"},\"author\":{\"name\":\"Nico H\u00fclsmann\",\"@id\":\"https:\/\/stadtfest-riesa.de\/#\/schema\/person\/f9b64e03bc450061a213911b2ed66763\"},\"headline\":\"Innenhof Margenberg\",\"datePublished\":\"2021-05-30T13:41:27+00:00\",\"dateModified\":\"2025-06-23T10:41:05+00:00\",\"mainEntityOfPage\":{\"@id\":\"https:\/\/stadtfest-riesa.de\/de-ls\/innenhof-margenberg\/\"},\"wordCount\":136,\"publisher\":{\"@id\":\"https:\/\/stadtfest-riesa.de\/#organization\"},\"image\":{\"@id\":\"https:\/\/stadtfest-riesa.de\/de-ls\/innenhof-margenberg\/#primaryimage\"},\"thumbnailUrl\":\"https:\/\/stadtfest-riesa.de\/wp-content\/uploads\/2023\/05\/MK77164-Kopie-Kopie-scaled.jpg\",\"articleSection\":[\"Highlight\"],\"inLanguage\":\"de-LS\"},{\"@type\":\"WebPage\",\"@id\":\"https:\/\/stadtfest-riesa.de\/de-ls\/innenhof-margenberg\/\",\"url\":\"https:\/\/stadtfest-riesa.de\/de-ls\/innenhof-margenberg\/\",\"name\":\"Innenhof Margenberg - Stadtfest RIESA 2026 | Der Countdown l\u00e4uft!\",\"isPartOf\":{\"@id\":\"https:\/\/stadtfest-riesa.de\/#website\"},\"primaryImageOfPage\":{\"@id\":\"https:\/\/stadtfest-riesa.de\/de-ls\/innenhof-margenberg\/#primaryimage\"},\"image\":{\"@id\":\"https:\/\/stadtfest-riesa.de\/de-ls\/innenhof-margenberg\/#primaryimage\"},\"thumbnailUrl\":\"https:\/\/stadtfest-riesa.de\/wp-content\/uploads\/2023\/05\/MK77164-Kopie-Kopie-scaled.jpg\",\"datePublished\":\"2021-05-30T13:41:27+00:00\",\"dateModified\":\"2025-06-23T10:41:05+00:00\",\"breadcrumb\":{\"@id\":\"https:\/\/stadtfest-riesa.de\/de-ls\/innenhof-margenberg\/#breadcrumb\"},\"inLanguage\":\"de-LS\",\"potentialAction\":[{\"@type\":\"ReadAction\",\"target\":[\"https:\/\/stadtfest-riesa.de\/de-ls\/innenhof-margenberg\/\"]}]},{\"@type\":\"ImageObject\",\"inLanguage\":\"de-LS\",\"@id\":\"https:\/\/stadtfest-riesa.de\/de-ls\/innenhof-margenberg\/#primaryimage\",\"url\":\"https:\/\/stadtfest-riesa.de\/wp-content\/uploads\/2023\/05\/MK77164-Kopie-Kopie-scaled.jpg\",\"contentUrl\":\"https:\/\/stadtfest-riesa.de\/wp-content\/uploads\/2023\/05\/MK77164-Kopie-Kopie-scaled.jpg\",\"width\":2560,\"height\":1709},{\"@type\":\"BreadcrumbList\",\"@id\":\"https:\/\/stadtfest-riesa.de\/de-ls\/innenhof-margenberg\/#breadcrumb\",\"itemListElement\":[{\"@type\":\"ListItem\",\"position\":1,\"name\":\"Startseite\",\"item\":\"https:\/\/stadtfest-riesa.de\/\"},{\"@type\":\"ListItem\",\"position\":2,\"name\":\"Innenhof Margenberg\"}]},{\"@type\":\"WebSite\",\"@id\":\"https:\/\/stadtfest-riesa.de\/#website\",\"url\":\"https:\/\/stadtfest-riesa.de\/\",\"name\":\"Stadtfest RIESA 2026 | Der Countdown l\u00e4uft!\",\"description\":\"03.- 05.07.2026 | vielf\u00e4ltiges Rahmen- und B\u00fchnenprogramm | Rummel | H\u00e4ndler- und Genussmeile | gro\u00dfe Laser- und Pyroshow | H\u00fcpfburgenland | VOLLTREFFER Erlebniswelt\",\"publisher\":{\"@id\":\"https:\/\/stadtfest-riesa.de\/#organization\"},\"potentialAction\":[{\"@type\":\"SearchAction\",\"target\":{\"@type\":\"EntryPoint\",\"urlTemplate\":\"https:\/\/stadtfest-riesa.de\/?s={search_term_string}\"},\"query-input\":{\"@type\":\"PropertyValueSpecification\",\"valueRequired\":true,\"valueName\":\"search_term_string\"}}],\"inLanguage\":\"de-LS\"},{\"@type\":\"Organization\",\"@id\":\"https:\/\/stadtfest-riesa.de\/#organization\",\"name\":\"FVG Riesa mbH\",\"url\":\"https:\/\/stadtfest-riesa.de\/\",\"logo\":{\"@type\":\"ImageObject\",\"inLanguage\":\"de-LS\",\"@id\":\"https:\/\/stadtfest-riesa.de\/#\/schema\/logo\/image\/\",\"url\":\"https:\/\/stadtfest-riesa.de\/wp-content\/uploads\/2022\/01\/FVG_logo_claim_4c.png\",\"contentUrl\":\"https:\/\/stadtfest-riesa.de\/wp-content\/uploads\/2022\/01\/FVG_logo_claim_4c.png\",\"width\":750,\"height\":265,\"caption\":\"FVG Riesa mbH\"},\"image\":{\"@id\":\"https:\/\/stadtfest-riesa.de\/#\/schema\/logo\/image\/\"}},{\"@type\":\"Person\",\"@id\":\"https:\/\/stadtfest-riesa.de\/#\/schema\/person\/f9b64e03bc450061a213911b2ed66763\",\"name\":\"Nico H\u00fclsmann\",\"image\":{\"@type\":\"ImageObject\",\"inLanguage\":\"de-LS\",\"@id\":\"https:\/\/stadtfest-riesa.de\/#\/schema\/person\/image\/\",\"url\":\"https:\/\/secure.gravatar.com\/avatar\/3719487cdbe4dc33205685963a444d14eae7f808d79cb4b8c2bed0e5c793ea76?s=96&d=mm&r=g\",\"contentUrl\":\"https:\/\/secure.gravatar.com\/avatar\/3719487cdbe4dc33205685963a444d14eae7f808d79cb4b8c2bed0e5c793ea76?s=96&d=mm&r=g\",\"caption\":\"Nico H\u00fclsmann\"},\"url\":\"https:\/\/stadtfest-riesa.de\/de-ls\/author\/fvg-verwaltung\/\"}]}<\/script>\n<!-- \/ Yoast SEO plugin. -->","yoast_head_json":{"title":"Innenhof Margenberg - Stadtfest RIESA 2026 | Der Countdown l\u00e4uft!","robots":{"index":"index","follow":"follow","max-snippet":"max-snippet:-1","max-image-preview":"max-image-preview:large","max-video-preview":"max-video-preview:-1"},"canonical":"https:\/\/stadtfest-riesa.de\/de-ls\/innenhof-margenberg\/","og_locale":"de_DE","og_type":"article","og_title":"Innenhof Margenberg - Stadtfest RIESA 2026 | Der Countdown l\u00e4uft!","og_description":"Der Innenhof Margenberg l\u00e4dt beim Stadtfest Riesa 2024 zu einem abwechslungsreichen Programm f\u00fcr die ganze Familie ein. Freitag, 5. Juli 2024: Samstag, 6. Juli 2024: Sonntag, 7. Juli 2024: Freuen Sie sich auf drei Tage voller Musik, Tanz und guter Stimmung im Innenhof Margenberg!","og_url":"https:\/\/stadtfest-riesa.de\/de-ls\/innenhof-margenberg\/","og_site_name":"Stadtfest RIESA 2026 | Der Countdown l\u00e4uft!","article_published_time":"2021-05-30T13:41:27+00:00","article_modified_time":"2025-06-23T10:41:05+00:00","og_image":[{"width":2560,"height":1709,"url":"https:\/\/stadtfest-riesa.de\/wp-content\/uploads\/2023\/05\/MK77164-Kopie-Kopie-scaled.jpg","type":"image\/jpeg"}],"author":"Nico H\u00fclsmann","twitter_card":"summary_large_image","twitter_misc":{"Written by":"Nico H\u00fclsmann","Est. reading time":"1 minute"},"schema":{"@context":"https:\/\/schema.org","@graph":[{"@type":"Article","@id":"https:\/\/stadtfest-riesa.de\/de-ls\/innenhof-margenberg\/#article","isPartOf":{"@id":"https:\/\/stadtfest-riesa.de\/de-ls\/innenhof-margenberg\/"},"author":{"name":"Nico H\u00fclsmann","@id":"https:\/\/stadtfest-riesa.de\/#\/schema\/person\/f9b64e03bc450061a213911b2ed66763"},"headline":"Innenhof Margenberg","datePublished":"2021-05-30T13:41:27+00:00","dateModified":"2025-06-23T10:41:05+00:00","mainEntityOfPage":{"@id":"https:\/\/stadtfest-riesa.de\/de-ls\/innenhof-margenberg\/"},"wordCount":136,"publisher":{"@id":"https:\/\/stadtfest-riesa.de\/#organization"},"image":{"@id":"https:\/\/stadtfest-riesa.de\/de-ls\/innenhof-margenberg\/#primaryimage"},"thumbnailUrl":"https:\/\/stadtfest-riesa.de\/wp-content\/uploads\/2023\/05\/MK77164-Kopie-Kopie-scaled.jpg","articleSection":["Highlight"],"inLanguage":"de-LS"},{"@type":"WebPage","@id":"https:\/\/stadtfest-riesa.de\/de-ls\/innenhof-margenberg\/","url":"https:\/\/stadtfest-riesa.de\/de-ls\/innenhof-margenberg\/","name":"Innenhof Margenberg - Stadtfest RIESA 2026 | Der Countdown l\u00e4uft!","isPartOf":{"@id":"https:\/\/stadtfest-riesa.de\/#website"},"primaryImageOfPage":{"@id":"https:\/\/stadtfest-riesa.de\/de-ls\/innenhof-margenberg\/#primaryimage"},"image":{"@id":"https:\/\/stadtfest-riesa.de\/de-ls\/innenhof-margenberg\/#primaryimage"},"thumbnailUrl":"https:\/\/stadtfest-riesa.de\/wp-content\/uploads\/2023\/05\/MK77164-Kopie-Kopie-scaled.jpg","datePublished":"2021-05-30T13:41:27+00:00","dateModified":"2025-06-23T10:41:05+00:00","breadcrumb":{"@id":"https:\/\/stadtfest-riesa.de\/de-ls\/innenhof-margenberg\/#breadcrumb"},"inLanguage":"de-LS","potentialAction":[{"@type":"ReadAction","target":["https:\/\/stadtfest-riesa.de\/de-ls\/innenhof-margenberg\/"]}]},{"@type":"ImageObject","inLanguage":"de-LS","@id":"https:\/\/stadtfest-riesa.de\/de-ls\/innenhof-margenberg\/#primaryimage","url":"https:\/\/stadtfest-riesa.de\/wp-content\/uploads\/2023\/05\/MK77164-Kopie-Kopie-scaled.jpg","contentUrl":"https:\/\/stadtfest-riesa.de\/wp-content\/uploads\/2023\/05\/MK77164-Kopie-Kopie-scaled.jpg","width":2560,"height":1709},{"@type":"BreadcrumbList","@id":"https:\/\/stadtfest-riesa.de\/de-ls\/innenhof-margenberg\/#breadcrumb","itemListElement":[{"@type":"ListItem","position":1,"name":"Startseite","item":"https:\/\/stadtfest-riesa.de\/"},{"@type":"ListItem","position":2,"name":"Innenhof Margenberg"}]},{"@type":"WebSite","@id":"https:\/\/stadtfest-riesa.de\/#website","url":"https:\/\/stadtfest-riesa.de\/","name":"Stadtfest RIESA 2026 | Der Countdown l\u00e4uft!","description":"03.- 05.07.2026 | vielf\u00e4ltiges Rahmen- und B\u00fchnenprogramm | Rummel | H\u00e4ndler- und Genussmeile | gro\u00dfe Laser- und Pyroshow | H\u00fcpfburgenland | VOLLTREFFER Erlebniswelt","publisher":{"@id":"https:\/\/stadtfest-riesa.de\/#organization"},"potentialAction":[{"@type":"SearchAction","target":{"@type":"EntryPoint","urlTemplate":"https:\/\/stadtfest-riesa.de\/?s={search_term_string}"},"query-input":{"@type":"PropertyValueSpecification","valueRequired":true,"valueName":"search_term_string"}}],"inLanguage":"de-LS"},{"@type":"Organization","@id":"https:\/\/stadtfest-riesa.de\/#organization","name":"FVG Riesa mbH","url":"https:\/\/stadtfest-riesa.de\/","logo":{"@type":"ImageObject","inLanguage":"de-LS","@id":"https:\/\/stadtfest-riesa.de\/#\/schema\/logo\/image\/","url":"https:\/\/stadtfest-riesa.de\/wp-content\/uploads\/2022\/01\/FVG_logo_claim_4c.png","contentUrl":"https:\/\/stadtfest-riesa.de\/wp-content\/uploads\/2022\/01\/FVG_logo_claim_4c.png","width":750,"height":265,"caption":"FVG Riesa mbH"},"image":{"@id":"https:\/\/stadtfest-riesa.de\/#\/schema\/logo\/image\/"}},{"@type":"Person","@id":"https:\/\/stadtfest-riesa.de\/#\/schema\/person\/f9b64e03bc450061a213911b2ed66763","name":"Nico H\u00fclsmann","image":{"@type":"ImageObject","inLanguage":"de-LS","@id":"https:\/\/stadtfest-riesa.de\/#\/schema\/person\/image\/","url":"https:\/\/secure.gravatar.com\/avatar\/3719487cdbe4dc33205685963a444d14eae7f808d79cb4b8c2bed0e5c793ea76?s=96&d=mm&r=g","contentUrl":"https:\/\/secure.gravatar.com\/avatar\/3719487cdbe4dc33205685963a444d14eae7f808d79cb4b8c2bed0e5c793ea76?s=96&d=mm&r=g","caption":"Nico H\u00fclsmann"},"url":"https:\/\/stadtfest-riesa.de\/de-ls\/author\/fvg-verwaltung\/"}]}},"_links":{"self":[{"href":"https:\/\/stadtfest-riesa.de\/de-ls\/wp-json\/wp\/v2\/posts\/3036","targetHints":{"allow":["GET"]}}],"collection":[{"href":"https:\/\/stadtfest-riesa.de\/de-ls\/wp-json\/wp\/v2\/posts"}],"about":[{"href":"https:\/\/stadtfest-riesa.de\/de-ls\/wp-json\/wp\/v2\/types\/post"}],"author":[{"embeddable":true,"href":"https:\/\/stadtfest-riesa.de\/de-ls\/wp-json\/wp\/v2\/users\/2"}],"replies":[{"embeddable":true,"href":"https:\/\/stadtfest-riesa.de\/de-ls\/wp-json\/wp\/v2\/comments?post=3036"}],"version-history":[{"count":3,"href":"https:\/\/stadtfest-riesa.de\/de-ls\/wp-json\/wp\/v2\/posts\/3036\/revisions"}],"predecessor-version":[{"id":3039,"href":"https:\/\/stadtfest-riesa.de\/de-ls\/wp-json\/wp\/v2\/posts\/3036\/revisions\/3039"}],"wp:featuredmedia":[{"embeddable":true,"href":"https:\/\/stadtfest-riesa.de\/de-ls\/wp-json\/wp\/v2\/media\/2826"}],"wp:attachment":[{"href":"https:\/\/stadtfest-riesa.de\/de-ls\/wp-json\/wp\/v2\/media?parent=3036"}],"wp:term":[{"taxonomy":"category","embeddable":true,"href":"https:\/\/stadtfest-riesa.de\/de-ls\/wp-json\/wp\/v2\/categories?post=3036"},{"taxonomy":"post_tag","embeddable":true,"href":"https:\/\/stadtfest-riesa.de\/de-ls\/wp-json\/wp\/v2\/tags?post=3036"}],"curies":[{"name":"wp","href":"https:\/\/api.w.org\/{rel}","templated":true}]}}